{"id":369,"date":"2017-06-12T15:41:00","date_gmt":"2017-06-12T15:41:00","guid":{"rendered":"https:\/\/maderascruset.com\/2021\/?p=369"},"modified":"2021-02-23T10:54:23","modified_gmt":"2021-02-23T10:54:23","slug":"panel-decorativo-mdf-coloured-negro","status":"publish","type":"post","link":"https:\/\/maderascruset.com\/2021\/2017\/06\/12\/panel-decorativo-mdf-coloured-negro\/","title":{"rendered":"Panel decorativo MDF COLOURED NEGRO"},"content":{"rendered":"\n<p>Innovus Coloured MDF es un panel decorativo de fibras de madera de densidad media te\u00f1ido que al\u00eda el color y la versatilidad a las ventajas naturales de la madera.&nbsp;<\/p>\n\n\n\n<figure class=\"wp-block-image size-large\"><img loading=\"lazy\" decoding=\"async\" width=\"1024\" height=\"724\" src=\"https:\/\/maderascruset.com\/2021\/wp-content\/uploads\/2021\/02\/tableroAbedulRest-1024x724.jpg\" alt=\"\" class=\"wp-image-372\" srcset=\"https:\/\/maderascruset.com\/2021\/wp-content\/uploads\/2021\/02\/tableroAbedulRest-1024x724.jpg 1024w, https:\/\/maderascruset.com\/2021\/wp-content\/uploads\/2021\/02\/tableroAbedulRest-300x212.jpg 300w, https:\/\/maderascruset.com\/2021\/wp-content\/uploads\/2021\/02\/tableroAbedulRest-768x543.jpg 768w, https:\/\/maderascruset.com\/2021\/wp-content\/uploads\/2021\/02\/tableroAbedulRest-1536x1086.jpg 1536w, https:\/\/maderascruset.com\/2021\/wp-content\/uploads\/2021\/02\/tableroAbedulRest.jpg 2000w\" sizes=\"auto, (max-width: 1024px) 100vw, 1024px\" \/><figcaption>Tableros y sistemas para los profesionales de la madera<\/figcaption><\/figure>\n\n\n\n<p>H\u00e1bilmente combinada, la variedad de colores de Innovus Coloured MDF permite desarrollar nuevos conceptos de interiores altamente individualizados con una profundidad inspiradora y que dan como resultado ambientes acogedores y equilibrados caracterizados por la claridad arquitect\u00f3nica.&nbsp;<\/p>\n\n\n\n<p>Sus propiedades, como la ausencia de formaldeh\u00eddo y la elevada resistencia a la luz, hacen que Innovus Coloured MDF sea \u00fanico y ofrezca numerosas posibilidades de combinaci\u00f3n y aplicaci\u00f3n en diferentes espacios.<\/p>\n\n\n\n<figure class=\"wp-block-image size-large\"><img loading=\"lazy\" decoding=\"async\" width=\"1024\" height=\"1024\" src=\"https:\/\/maderascruset.com\/2021\/wp-content\/uploads\/2021\/02\/19511419_1353579354679249_1767794268689429083_nRest-1024x1024.jpg\" alt=\"Tablero mdf Maderas Cruset Mallorca\" class=\"wp-image-371\" srcset=\"https:\/\/maderascruset.com\/2021\/wp-content\/uploads\/2021\/02\/19511419_1353579354679249_1767794268689429083_nRest-1024x1024.jpg 1024w, https:\/\/maderascruset.com\/2021\/wp-content\/uploads\/2021\/02\/19511419_1353579354679249_1767794268689429083_nRest-300x300.jpg 300w, https:\/\/maderascruset.com\/2021\/wp-content\/uploads\/2021\/02\/19511419_1353579354679249_1767794268689429083_nRest-150x150.jpg 150w, https:\/\/maderascruset.com\/2021\/wp-content\/uploads\/2021\/02\/19511419_1353579354679249_1767794268689429083_nRest-768x768.jpg 768w, https:\/\/maderascruset.com\/2021\/wp-content\/uploads\/2021\/02\/19511419_1353579354679249_1767794268689429083_nRest-1536x1536.jpg 1536w, https:\/\/maderascruset.com\/2021\/wp-content\/uploads\/2021\/02\/19511419_1353579354679249_1767794268689429083_nRest.jpg 2000w\" sizes=\"auto, (max-width: 1024px) 100vw, 1024px\" \/><figcaption>Tableros y sistemas para los profesionales de la madera<\/figcaption><\/figure>\n\n\n\n<p>STOCK MDF COLOURED NEGRO<\/p>\n\n\n\n<p>2440x1220x19mm<\/p>\n\n\n\n<p>En Maderas Cruset en pol\u00edgono Son Castell\u00f3 disponemos de muestras y stock. Ven a visitarnos o pidenos presupuesto sin compromiso.<\/p>\n\n\n\n<p>Servicios de corte a medida, reparto y env\u00edo.<\/p>\n","protected":false},"excerpt":{"rendered":"<p>Innovus Coloured MDF es un panel decorativo de fibras de madera de densidad media te\u00f1ido que al\u00eda el color y la versatilidad a las ventajas naturales de la madera.&nbsp; H\u00e1bilmente combinada, la variedad de colores de Innovus Coloured MDF permite desarrollar nuevos conceptos de interiores altamente individualizados con una profundidad inspiradora y que dan como [&hellip;]<\/p>\n","protected":false},"author":2,"featured_media":370,"comment_status":"closed","ping_status":"open","sticky":false,"template":"","format":"standard","meta":{"footnotes":""},"categories":[27],"tags":[24,26,25],"class_list":["post-369","post","type-post","status-publish","format-standard","has-post-thumbnail","hentry","category-mdf","tag-mdf","tag-negro","tag-tablero"],"yoast_head":"<!-- This site is optimized with the Yoast SEO plugin v18.0 - https:\/\/yoast.com\/wordpress\/plugins\/seo\/ -->\n<title>Panel decorativo MDF COLOURED NEGRO - Maderas Cruset Mallorca<\/title>\n<meta name=\"robots\" content=\"noindex, follow, max-snippet:-1, max-image-preview:large, max-video-preview:-1\" \/>\n<meta property=\"og:locale\" content=\"es_ES\" \/>\n<meta property=\"og:type\" content=\"article\" \/>\n<meta property=\"og:title\" content=\"Panel decorativo MDF COLOURED NEGRO - Maderas Cruset Mallorca\" \/>\n<meta property=\"og:description\" content=\"Innovus Coloured MDF es un panel decorativo de fibras de madera de densidad media te\u00f1ido que al\u00eda el color y la versatilidad a las ventajas naturales de la madera.&nbsp; H\u00e1bilmente combinada, la variedad de colores de Innovus Coloured MDF permite desarrollar nuevos conceptos de interiores altamente individualizados con una profundidad inspiradora y que dan como [&hellip;]\" \/>\n<meta property=\"og:url\" content=\"https:\/\/maderascruset.com\/2021\/2017\/06\/12\/panel-decorativo-mdf-coloured-negro\/\" \/>\n<meta property=\"og:site_name\" content=\"Maderas Cruset Mallorca\" \/>\n<meta property=\"article:published_time\" content=\"2017-06-12T15:41:00+00:00\" \/>\n<meta property=\"article:modified_time\" content=\"2021-02-23T10:54:23+00:00\" \/>\n<meta property=\"og:image\" content=\"https:\/\/maderascruset.com\/2021\/wp-content\/uploads\/2021\/02\/19477588_1353580368012481_1252805379582374808_oRest.jpg\" \/>\n\t<meta property=\"og:image:width\" content=\"2000\" \/>\n\t<meta property=\"og:image:height\" content=\"1414\" \/>\n\t<meta property=\"og:image:type\" content=\"image\/jpeg\" \/>\n<meta name=\"twitter:card\" content=\"summary_large_image\" \/>\n<meta name=\"twitter:label1\" content=\"Escrito por\" \/>\n\t<meta name=\"twitter:data1\" content=\"David Lliteras\" \/>\n\t<meta name=\"twitter:label2\" content=\"Tiempo de lectura\" \/>\n\t<meta name=\"twitter:data2\" content=\"1 minuto\" \/>\n<script type=\"application\/ld+json\" class=\"yoast-schema-graph\">{\"@context\":\"https:\/\/schema.org\",\"@graph\":[{\"@type\":\"Organization\",\"@id\":\"https:\/\/maderascruset.com\/2021\/#organization\",\"name\":\"Maderas Cruset\",\"url\":\"https:\/\/maderascruset.com\/2021\/\",\"sameAs\":[],\"logo\":{\"@type\":\"ImageObject\",\"@id\":\"https:\/\/maderascruset.com\/2021\/#logo\",\"inLanguage\":\"es\",\"url\":\"https:\/\/maderascruset.com\/2021\/wp-content\/uploads\/2021\/02\/logo-crusetN1b.png\",\"contentUrl\":\"https:\/\/maderascruset.com\/2021\/wp-content\/uploads\/2021\/02\/logo-crusetN1b.png\",\"width\":425,\"height\":300,\"caption\":\"Maderas Cruset\"},\"image\":{\"@id\":\"https:\/\/maderascruset.com\/2021\/#logo\"}},{\"@type\":\"WebSite\",\"@id\":\"https:\/\/maderascruset.com\/2021\/#website\",\"url\":\"https:\/\/maderascruset.com\/2021\/\",\"name\":\"Maderas Cruset Mallorca\",\"description\":\"Stock y distribuci\u00f3n de tableros y sistemas para carpinter\u00eda\",\"publisher\":{\"@id\":\"https:\/\/maderascruset.com\/2021\/#organization\"},\"potentialAction\":[{\"@type\":\"SearchAction\",\"target\":{\"@type\":\"EntryPoint\",\"urlTemplate\":\"https:\/\/maderascruset.com\/2021\/?s={search_term_string}\"},\"query-input\":\"required name=search_term_string\"}],\"inLanguage\":\"es\"},{\"@type\":\"ImageObject\",\"@id\":\"https:\/\/maderascruset.com\/2021\/2017\/06\/12\/panel-decorativo-mdf-coloured-negro\/#primaryimage\",\"inLanguage\":\"es\",\"url\":\"https:\/\/maderascruset.com\/2021\/wp-content\/uploads\/2021\/02\/19477588_1353580368012481_1252805379582374808_oRest.jpg\",\"contentUrl\":\"https:\/\/maderascruset.com\/2021\/wp-content\/uploads\/2021\/02\/19477588_1353580368012481_1252805379582374808_oRest.jpg\",\"width\":2000,\"height\":1414,\"caption\":\"Tablero mdf Maderas Cruset Mallorca\"},{\"@type\":\"WebPage\",\"@id\":\"https:\/\/maderascruset.com\/2021\/2017\/06\/12\/panel-decorativo-mdf-coloured-negro\/#webpage\",\"url\":\"https:\/\/maderascruset.com\/2021\/2017\/06\/12\/panel-decorativo-mdf-coloured-negro\/\",\"name\":\"Panel decorativo MDF COLOURED NEGRO - Maderas Cruset Mallorca\",\"isPartOf\":{\"@id\":\"https:\/\/maderascruset.com\/2021\/#website\"},\"primaryImageOfPage\":{\"@id\":\"https:\/\/maderascruset.com\/2021\/2017\/06\/12\/panel-decorativo-mdf-coloured-negro\/#primaryimage\"},\"datePublished\":\"2017-06-12T15:41:00+00:00\",\"dateModified\":\"2021-02-23T10:54:23+00:00\",\"breadcrumb\":{\"@id\":\"https:\/\/maderascruset.com\/2021\/2017\/06\/12\/panel-decorativo-mdf-coloured-negro\/#breadcrumb\"},\"inLanguage\":\"es\",\"potentialAction\":[{\"@type\":\"ReadAction\",\"target\":[\"https:\/\/maderascruset.com\/2021\/2017\/06\/12\/panel-decorativo-mdf-coloured-negro\/\"]}]},{\"@type\":\"BreadcrumbList\",\"@id\":\"https:\/\/maderascruset.com\/2021\/2017\/06\/12\/panel-decorativo-mdf-coloured-negro\/#breadcrumb\",\"itemListElement\":[{\"@type\":\"ListItem\",\"position\":1,\"name\":\"Portada\",\"item\":\"https:\/\/maderascruset.com\/2021\/\"},{\"@type\":\"ListItem\",\"position\":2,\"name\":\"Panel decorativo MDF COLOURED NEGRO\"}]},{\"@type\":\"Article\",\"@id\":\"https:\/\/maderascruset.com\/2021\/2017\/06\/12\/panel-decorativo-mdf-coloured-negro\/#article\",\"isPartOf\":{\"@id\":\"https:\/\/maderascruset.com\/2021\/2017\/06\/12\/panel-decorativo-mdf-coloured-negro\/#webpage\"},\"author\":{\"@id\":\"https:\/\/maderascruset.com\/2021\/#\/schema\/person\/7998a96562e0e675a23dddb1d689a24b\"},\"headline\":\"Panel decorativo MDF COLOURED NEGRO\",\"datePublished\":\"2017-06-12T15:41:00+00:00\",\"dateModified\":\"2021-02-23T10:54:23+00:00\",\"mainEntityOfPage\":{\"@id\":\"https:\/\/maderascruset.com\/2021\/2017\/06\/12\/panel-decorativo-mdf-coloured-negro\/#webpage\"},\"wordCount\":166,\"publisher\":{\"@id\":\"https:\/\/maderascruset.com\/2021\/#organization\"},\"image\":{\"@id\":\"https:\/\/maderascruset.com\/2021\/2017\/06\/12\/panel-decorativo-mdf-coloured-negro\/#primaryimage\"},\"thumbnailUrl\":\"https:\/\/maderascruset.com\/2021\/wp-content\/uploads\/2021\/02\/19477588_1353580368012481_1252805379582374808_oRest.jpg\",\"keywords\":[\"MDF\",\"negro\",\"tablero\"],\"articleSection\":[\"MDF\"],\"inLanguage\":\"es\"},{\"@type\":\"Person\",\"@id\":\"https:\/\/maderascruset.com\/2021\/#\/schema\/person\/7998a96562e0e675a23dddb1d689a24b\",\"name\":\"David Lliteras\",\"image\":{\"@type\":\"ImageObject\",\"@id\":\"https:\/\/maderascruset.com\/2021\/#personlogo\",\"inLanguage\":\"es\",\"url\":\"https:\/\/secure.gravatar.com\/avatar\/0af61175bd9f4ca12e48c0421b52fad848ba7401ec0fde8725a28d4bb25f8ae3?s=96&r=g\",\"contentUrl\":\"https:\/\/secure.gravatar.com\/avatar\/0af61175bd9f4ca12e48c0421b52fad848ba7401ec0fde8725a28d4bb25f8ae3?s=96&r=g\",\"caption\":\"David Lliteras\"},\"sameAs\":[\"http:\/\/maderascruset.com\"],\"url\":\"https:\/\/maderascruset.com\/2021\/author\/maderas-cruset\/\"}]}<\/script>\n<!-- \/ Yoast SEO plugin. -->","yoast_head_json":{"title":"Panel decorativo MDF COLOURED NEGRO - Maderas Cruset Mallorca","robots":{"index":"noindex","follow":"follow","max-snippet":"max-snippet:-1","max-image-preview":"max-image-preview:large","max-video-preview":"max-video-preview:-1"},"og_locale":"es_ES","og_type":"article","og_title":"Panel decorativo MDF COLOURED NEGRO - Maderas Cruset Mallorca","og_description":"Innovus Coloured MDF es un panel decorativo de fibras de madera de densidad media te\u00f1ido que al\u00eda el color y la versatilidad a las ventajas naturales de la madera.&nbsp; H\u00e1bilmente combinada, la variedad de colores de Innovus Coloured MDF permite desarrollar nuevos conceptos de interiores altamente individualizados con una profundidad inspiradora y que dan como [&hellip;]","og_url":"https:\/\/maderascruset.com\/2021\/2017\/06\/12\/panel-decorativo-mdf-coloured-negro\/","og_site_name":"Maderas Cruset Mallorca","article_published_time":"2017-06-12T15:41:00+00:00","article_modified_time":"2021-02-23T10:54:23+00:00","og_image":[{"width":2000,"height":1414,"url":"https:\/\/maderascruset.com\/2021\/wp-content\/uploads\/2021\/02\/19477588_1353580368012481_1252805379582374808_oRest.jpg","type":"image\/jpeg"}],"twitter_card":"summary_large_image","twitter_misc":{"Escrito por":"David Lliteras","Tiempo de lectura":"1 minuto"},"schema":{"@context":"https:\/\/schema.org","@graph":[{"@type":"Organization","@id":"https:\/\/maderascruset.com\/2021\/#organization","name":"Maderas Cruset","url":"https:\/\/maderascruset.com\/2021\/","sameAs":[],"logo":{"@type":"ImageObject","@id":"https:\/\/maderascruset.com\/2021\/#logo","inLanguage":"es","url":"https:\/\/maderascruset.com\/2021\/wp-content\/uploads\/2021\/02\/logo-crusetN1b.png","contentUrl":"https:\/\/maderascruset.com\/2021\/wp-content\/uploads\/2021\/02\/logo-crusetN1b.png","width":425,"height":300,"caption":"Maderas Cruset"},"image":{"@id":"https:\/\/maderascruset.com\/2021\/#logo"}},{"@type":"WebSite","@id":"https:\/\/maderascruset.com\/2021\/#website","url":"https:\/\/maderascruset.com\/2021\/","name":"Maderas Cruset Mallorca","description":"Stock y distribuci\u00f3n de tableros y sistemas para carpinter\u00eda","publisher":{"@id":"https:\/\/maderascruset.com\/2021\/#organization"},"potentialAction":[{"@type":"SearchAction","target":{"@type":"EntryPoint","urlTemplate":"https:\/\/maderascruset.com\/2021\/?s={search_term_string}"},"query-input":"required name=search_term_string"}],"inLanguage":"es"},{"@type":"ImageObject","@id":"https:\/\/maderascruset.com\/2021\/2017\/06\/12\/panel-decorativo-mdf-coloured-negro\/#primaryimage","inLanguage":"es","url":"https:\/\/maderascruset.com\/2021\/wp-content\/uploads\/2021\/02\/19477588_1353580368012481_1252805379582374808_oRest.jpg","contentUrl":"https:\/\/maderascruset.com\/2021\/wp-content\/uploads\/2021\/02\/19477588_1353580368012481_1252805379582374808_oRest.jpg","width":2000,"height":1414,"caption":"Tablero mdf Maderas Cruset Mallorca"},{"@type":"WebPage","@id":"https:\/\/maderascruset.com\/2021\/2017\/06\/12\/panel-decorativo-mdf-coloured-negro\/#webpage","url":"https:\/\/maderascruset.com\/2021\/2017\/06\/12\/panel-decorativo-mdf-coloured-negro\/","name":"Panel decorativo MDF COLOURED NEGRO - Maderas Cruset Mallorca","isPartOf":{"@id":"https:\/\/maderascruset.com\/2021\/#website"},"primaryImageOfPage":{"@id":"https:\/\/maderascruset.com\/2021\/2017\/06\/12\/panel-decorativo-mdf-coloured-negro\/#primaryimage"},"datePublished":"2017-06-12T15:41:00+00:00","dateModified":"2021-02-23T10:54:23+00:00","breadcrumb":{"@id":"https:\/\/maderascruset.com\/2021\/2017\/06\/12\/panel-decorativo-mdf-coloured-negro\/#breadcrumb"},"inLanguage":"es","potentialAction":[{"@type":"ReadAction","target":["https:\/\/maderascruset.com\/2021\/2017\/06\/12\/panel-decorativo-mdf-coloured-negro\/"]}]},{"@type":"BreadcrumbList","@id":"https:\/\/maderascruset.com\/2021\/2017\/06\/12\/panel-decorativo-mdf-coloured-negro\/#breadcrumb","itemListElement":[{"@type":"ListItem","position":1,"name":"Portada","item":"https:\/\/maderascruset.com\/2021\/"},{"@type":"ListItem","position":2,"name":"Panel decorativo MDF COLOURED NEGRO"}]},{"@type":"Article","@id":"https:\/\/maderascruset.com\/2021\/2017\/06\/12\/panel-decorativo-mdf-coloured-negro\/#article","isPartOf":{"@id":"https:\/\/maderascruset.com\/2021\/2017\/06\/12\/panel-decorativo-mdf-coloured-negro\/#webpage"},"author":{"@id":"https:\/\/maderascruset.com\/2021\/#\/schema\/person\/7998a96562e0e675a23dddb1d689a24b"},"headline":"Panel decorativo MDF COLOURED NEGRO","datePublished":"2017-06-12T15:41:00+00:00","dateModified":"2021-02-23T10:54:23+00:00","mainEntityOfPage":{"@id":"https:\/\/maderascruset.com\/2021\/2017\/06\/12\/panel-decorativo-mdf-coloured-negro\/#webpage"},"wordCount":166,"publisher":{"@id":"https:\/\/maderascruset.com\/2021\/#organization"},"image":{"@id":"https:\/\/maderascruset.com\/2021\/2017\/06\/12\/panel-decorativo-mdf-coloured-negro\/#primaryimage"},"thumbnailUrl":"https:\/\/maderascruset.com\/2021\/wp-content\/uploads\/2021\/02\/19477588_1353580368012481_1252805379582374808_oRest.jpg","keywords":["MDF","negro","tablero"],"articleSection":["MDF"],"inLanguage":"es"},{"@type":"Person","@id":"https:\/\/maderascruset.com\/2021\/#\/schema\/person\/7998a96562e0e675a23dddb1d689a24b","name":"David Lliteras","image":{"@type":"ImageObject","@id":"https:\/\/maderascruset.com\/2021\/#personlogo","inLanguage":"es","url":"https:\/\/secure.gravatar.com\/avatar\/0af61175bd9f4ca12e48c0421b52fad848ba7401ec0fde8725a28d4bb25f8ae3?s=96&r=g","contentUrl":"https:\/\/secure.gravatar.com\/avatar\/0af61175bd9f4ca12e48c0421b52fad848ba7401ec0fde8725a28d4bb25f8ae3?s=96&r=g","caption":"David Lliteras"},"sameAs":["http:\/\/maderascruset.com"],"url":"https:\/\/maderascruset.com\/2021\/author\/maderas-cruset\/"}]}},"_links":{"self":[{"href":"https:\/\/maderascruset.com\/2021\/wp-json\/wp\/v2\/posts\/369","targetHints":{"allow":["GET"]}}],"collection":[{"href":"https:\/\/maderascruset.com\/2021\/wp-json\/wp\/v2\/posts"}],"about":[{"href":"https:\/\/maderascruset.com\/2021\/wp-json\/wp\/v2\/types\/post"}],"author":[{"embeddable":true,"href":"https:\/\/maderascruset.com\/2021\/wp-json\/wp\/v2\/users\/2"}],"replies":[{"embeddable":true,"href":"https:\/\/maderascruset.com\/2021\/wp-json\/wp\/v2\/comments?post=369"}],"version-history":[{"count":2,"href":"https:\/\/maderascruset.com\/2021\/wp-json\/wp\/v2\/posts\/369\/revisions"}],"predecessor-version":[{"id":374,"href":"https:\/\/maderascruset.com\/2021\/wp-json\/wp\/v2\/posts\/369\/revisions\/374"}],"wp:featuredmedia":[{"embeddable":true,"href":"https:\/\/maderascruset.com\/2021\/wp-json\/wp\/v2\/media\/370"}],"wp:attachment":[{"href":"https:\/\/maderascruset.com\/2021\/wp-json\/wp\/v2\/media?parent=369"}],"wp:term":[{"taxonomy":"category","embeddable":true,"href":"https:\/\/maderascruset.com\/2021\/wp-json\/wp\/v2\/categories?post=369"},{"taxonomy":"post_tag","embeddable":true,"href":"https:\/\/maderascruset.com\/2021\/wp-json\/wp\/v2\/tags?post=369"}],"curies":[{"name":"wp","href":"https:\/\/api.w.org\/{rel}","templated":true}]}}