{"id":375,"date":"2017-05-12T15:52:00","date_gmt":"2017-05-12T15:52:00","guid":{"rendered":"https:\/\/maderascruset.com\/2021\/?p=375"},"modified":"2021-03-30T15:36:48","modified_gmt":"2021-03-30T15:36:48","slug":"iluminacion-de-armarios","status":"publish","type":"post","link":"https:\/\/maderascruset.com\/2021\/2017\/05\/12\/iluminacion-de-armarios\/","title":{"rendered":"Iluminaci\u00f3n de armarios"},"content":{"rendered":"\t\t<div data-elementor-type=\"wp-post\" data-elementor-id=\"375\" class=\"elementor elementor-375\" data-elementor-settings=\"[]\">\n\t\t\t\t\t\t<div class=\"elementor-inner\">\n\t\t\t\t\t\t\t<div class=\"elementor-section-wrap\">\n\t\t\t\t\t\t\t<section class=\"elementor-section elementor-top-section elementor-element elementor-element-6948e9a3 elementor-section-boxed elementor-section-height-default elementor-section-height-default\" data-id=\"6948e9a3\" data-element_type=\"section\">\n\t\t\t\t\t\t<div class=\"elementor-container elementor-column-gap-default\">\n\t\t\t\t\t\t\t<div class=\"elementor-row\">\n\t\t\t\t\t<div class=\"elementor-column elementor-col-100 elementor-top-column elementor-element elementor-element-15321689\" data-id=\"15321689\" data-element_type=\"column\">\n\t\t\t<div class=\"elementor-column-wrap elementor-element-populated\">\n\t\t\t\t\t\t\t<div class=\"elementor-widget-wrap\">\n\t\t\t\t\t\t<div class=\"elementor-element elementor-element-6a2cef7c elementor-widget elementor-widget-text-editor\" data-id=\"6a2cef7c\" data-element_type=\"widget\" data-widget_type=\"text-editor.default\">\n\t\t\t\t<div class=\"elementor-widget-container\">\n\t\t\t\t\t\t\t\t<div class=\"elementor-text-editor elementor-clearfix\">\n\t\t\t\t<!-- wp:paragraph -->\n<p>Gracias a su tama\u00f1o y versatilidad son ideales para resaltar formas y pueden usarse como luz auxiliar. Tienen la posibilidad de ser unidos para conseguir luminarias de mayor longitud con elevado aporte est\u00e9tico.<\/p>\n<!-- \/wp:paragraph -->\n\n<!-- wp:paragraph -->\n<p>Iluminaci\u00f3n para muebles de hogar, ba\u00f1o y cocina en stock. <\/p>\n<!-- \/wp:paragraph -->\n\n<!-- wp:paragraph -->\n<p>Sensores de movimiento, dimmer, apliques y m\u00e1s. <\/p>\n<!-- \/wp:paragraph -->\n\n<!-- wp:paragraph -->\n<p>En Maderas Cruset en Pol\u00edgono de Son Castell\u00f3 encontraras muestras y nuestro asesor te atender\u00e1 sin compromiso.&nbsp;<\/p>\n<!-- \/wp:paragraph -->\t\t\t\t\t<\/div>\n\t\t\t\t\t\t<\/div>\n\t\t\t\t<\/div>\n\t\t\t\t\t\t<\/div>\n\t\t\t\t\t<\/div>\n\t\t<\/div>\n\t\t\t\t\t\t\t\t<\/div>\n\t\t\t\t\t<\/div>\n\t\t<\/section>\n\t\t\t\t<section class=\"elementor-section elementor-top-section elementor-element elementor-element-fedb4ca elementor-section-boxed elementor-section-height-default elementor-section-height-default\" data-id=\"fedb4ca\" data-element_type=\"section\">\n\t\t\t\t\t\t<div class=\"elementor-container elementor-column-gap-default\">\n\t\t\t\t\t\t\t<div class=\"elementor-row\">\n\t\t\t\t\t<div class=\"elementor-column elementor-col-100 elementor-top-column elementor-element elementor-element-3e69a4b\" data-id=\"3e69a4b\" data-element_type=\"column\">\n\t\t\t<div class=\"elementor-column-wrap elementor-element-populated\">\n\t\t\t\t\t\t\t<div class=\"elementor-widget-wrap\">\n\t\t\t\t\t\t<div class=\"elementor-element elementor-element-b0eceb8 elementor-align-center elementor-mobile-align-center elementor-widget elementor-widget-button\" data-id=\"b0eceb8\" data-element_type=\"widget\" data-widget_type=\"button.default\">\n\t\t\t\t<div class=\"elementor-widget-container\">\n\t\t\t\t\t<div class=\"elementor-button-wrapper\">\n\t\t\t<a href=\"https:\/\/maderascruset.com\/2021\/home\/productos\/iluminacion-mobiliario-leds\/\" class=\"elementor-button-link elementor-button elementor-size-sm\" role=\"button\">\n\t\t\t\t\t\t<span class=\"elementor-button-content-wrapper\">\n\t\t\t\t\t\t<span class=\"elementor-button-text\">Ver secci\u00f3n de iluminaci\u00f3n de muebles<\/span>\n\t\t<\/span>\n\t\t\t\t\t<\/a>\n\t\t<\/div>\n\t\t\t\t<\/div>\n\t\t\t\t<\/div>\n\t\t\t\t\t\t<\/div>\n\t\t\t\t\t<\/div>\n\t\t<\/div>\n\t\t\t\t\t\t\t\t<\/div>\n\t\t\t\t\t<\/div>\n\t\t<\/section>\n\t\t\t\t\t\t<\/div>\n\t\t\t\t\t\t<\/div>\n\t\t\t\t\t<\/div>\n\t\t","protected":false},"excerpt":{"rendered":"<p>Gracias a su tama\u00f1o y versatilidad son ideales para resaltar formas y pueden usarse como luz auxiliar. Tienen la posibilidad de ser unidos para conseguir luminarias de mayor longitud con elevado aporte est\u00e9tico. Iluminaci\u00f3n para muebles de hogar, ba\u00f1o y cocina en stock. Sensores de movimiento, dimmer, apliques y m\u00e1s. En Maderas Cruset en Pol\u00edgono [&hellip;]<\/p>\n","protected":false},"author":2,"featured_media":398,"comment_status":"open","ping_status":"open","sticky":false,"template":"","format":"standard","meta":{"footnotes":""},"categories":[11],"tags":[28,29],"class_list":["post-375","post","type-post","status-publish","format-standard","has-post-thumbnail","hentry","category-iluminacion","tag-iluminacion","tag-led"],"yoast_head":"<!-- This site is optimized with the Yoast SEO plugin v18.0 - https:\/\/yoast.com\/wordpress\/plugins\/seo\/ -->\n<title>Iluminaci\u00f3n de armarios - Maderas Cruset Mallorca<\/title>\n<meta name=\"robots\" content=\"noindex, follow, max-snippet:-1, max-image-preview:large, max-video-preview:-1\" \/>\n<meta property=\"og:locale\" content=\"es_ES\" \/>\n<meta property=\"og:type\" content=\"article\" \/>\n<meta property=\"og:title\" content=\"Iluminaci\u00f3n de armarios - Maderas Cruset Mallorca\" \/>\n<meta property=\"og:description\" content=\"Gracias a su tama\u00f1o y versatilidad son ideales para resaltar formas y pueden usarse como luz auxiliar. Tienen la posibilidad de ser unidos para conseguir luminarias de mayor longitud con elevado aporte est\u00e9tico. Iluminaci\u00f3n para muebles de hogar, ba\u00f1o y cocina en stock. Sensores de movimiento, dimmer, apliques y m\u00e1s. En Maderas Cruset en Pol\u00edgono [&hellip;]\" \/>\n<meta property=\"og:url\" content=\"https:\/\/maderascruset.com\/2021\/2017\/05\/12\/iluminacion-de-armarios\/\" \/>\n<meta property=\"og:site_name\" content=\"Maderas Cruset Mallorca\" \/>\n<meta property=\"article:published_time\" content=\"2017-05-12T15:52:00+00:00\" \/>\n<meta property=\"article:modified_time\" content=\"2021-03-30T15:36:48+00:00\" \/>\n<meta property=\"og:image\" content=\"https:\/\/maderascruset.com\/2021\/wp-content\/uploads\/2017\/05\/emuca-MIRRORS-OCT-2020.jpg\" \/>\n\t<meta property=\"og:image:width\" content=\"1440\" \/>\n\t<meta property=\"og:image:height\" content=\"1018\" \/>\n\t<meta property=\"og:image:type\" content=\"image\/jpeg\" \/>\n<meta name=\"twitter:card\" content=\"summary_large_image\" \/>\n<meta name=\"twitter:label1\" content=\"Escrito por\" \/>\n\t<meta name=\"twitter:data1\" content=\"David Lliteras\" \/>\n<script type=\"application\/ld+json\" class=\"yoast-schema-graph\">{\"@context\":\"https:\/\/schema.org\",\"@graph\":[{\"@type\":\"Organization\",\"@id\":\"https:\/\/maderascruset.com\/2021\/#organization\",\"name\":\"Maderas Cruset\",\"url\":\"https:\/\/maderascruset.com\/2021\/\",\"sameAs\":[],\"logo\":{\"@type\":\"ImageObject\",\"@id\":\"https:\/\/maderascruset.com\/2021\/#logo\",\"inLanguage\":\"es\",\"url\":\"https:\/\/maderascruset.com\/2021\/wp-content\/uploads\/2021\/02\/logo-crusetN1b.png\",\"contentUrl\":\"https:\/\/maderascruset.com\/2021\/wp-content\/uploads\/2021\/02\/logo-crusetN1b.png\",\"width\":425,\"height\":300,\"caption\":\"Maderas Cruset\"},\"image\":{\"@id\":\"https:\/\/maderascruset.com\/2021\/#logo\"}},{\"@type\":\"WebSite\",\"@id\":\"https:\/\/maderascruset.com\/2021\/#website\",\"url\":\"https:\/\/maderascruset.com\/2021\/\",\"name\":\"Maderas Cruset Mallorca\",\"description\":\"Stock y distribuci\u00f3n de tableros y sistemas para carpinter\u00eda\",\"publisher\":{\"@id\":\"https:\/\/maderascruset.com\/2021\/#organization\"},\"potentialAction\":[{\"@type\":\"SearchAction\",\"target\":{\"@type\":\"EntryPoint\",\"urlTemplate\":\"https:\/\/maderascruset.com\/2021\/?s={search_term_string}\"},\"query-input\":\"required name=search_term_string\"}],\"inLanguage\":\"es\"},{\"@type\":\"ImageObject\",\"@id\":\"https:\/\/maderascruset.com\/2021\/2017\/05\/12\/iluminacion-de-armarios\/#primaryimage\",\"inLanguage\":\"es\",\"url\":\"https:\/\/maderascruset.com\/2021\/wp-content\/uploads\/2017\/05\/emuca-MIRRORS-OCT-2020.jpg\",\"contentUrl\":\"https:\/\/maderascruset.com\/2021\/wp-content\/uploads\/2017\/05\/emuca-MIRRORS-OCT-2020.jpg\",\"width\":1440,\"height\":1018,\"caption\":\"Tableros y sistemas para los profesionales de la madera\"},{\"@type\":\"WebPage\",\"@id\":\"https:\/\/maderascruset.com\/2021\/2017\/05\/12\/iluminacion-de-armarios\/#webpage\",\"url\":\"https:\/\/maderascruset.com\/2021\/2017\/05\/12\/iluminacion-de-armarios\/\",\"name\":\"Iluminaci\u00f3n de armarios - Maderas Cruset Mallorca\",\"isPartOf\":{\"@id\":\"https:\/\/maderascruset.com\/2021\/#website\"},\"primaryImageOfPage\":{\"@id\":\"https:\/\/maderascruset.com\/2021\/2017\/05\/12\/iluminacion-de-armarios\/#primaryimage\"},\"datePublished\":\"2017-05-12T15:52:00+00:00\",\"dateModified\":\"2021-03-30T15:36:48+00:00\",\"breadcrumb\":{\"@id\":\"https:\/\/maderascruset.com\/2021\/2017\/05\/12\/iluminacion-de-armarios\/#breadcrumb\"},\"inLanguage\":\"es\",\"potentialAction\":[{\"@type\":\"ReadAction\",\"target\":[\"https:\/\/maderascruset.com\/2021\/2017\/05\/12\/iluminacion-de-armarios\/\"]}]},{\"@type\":\"BreadcrumbList\",\"@id\":\"https:\/\/maderascruset.com\/2021\/2017\/05\/12\/iluminacion-de-armarios\/#breadcrumb\",\"itemListElement\":[{\"@type\":\"ListItem\",\"position\":1,\"name\":\"Portada\",\"item\":\"https:\/\/maderascruset.com\/2021\/\"},{\"@type\":\"ListItem\",\"position\":2,\"name\":\"Iluminaci\u00f3n de armarios\"}]},{\"@type\":\"Article\",\"@id\":\"https:\/\/maderascruset.com\/2021\/2017\/05\/12\/iluminacion-de-armarios\/#article\",\"isPartOf\":{\"@id\":\"https:\/\/maderascruset.com\/2021\/2017\/05\/12\/iluminacion-de-armarios\/#webpage\"},\"author\":{\"@id\":\"https:\/\/maderascruset.com\/2021\/#\/schema\/person\/7998a96562e0e675a23dddb1d689a24b\"},\"headline\":\"Iluminaci\u00f3n de armarios\",\"datePublished\":\"2017-05-12T15:52:00+00:00\",\"dateModified\":\"2021-03-30T15:36:48+00:00\",\"mainEntityOfPage\":{\"@id\":\"https:\/\/maderascruset.com\/2021\/2017\/05\/12\/iluminacion-de-armarios\/#webpage\"},\"wordCount\":86,\"commentCount\":0,\"publisher\":{\"@id\":\"https:\/\/maderascruset.com\/2021\/#organization\"},\"image\":{\"@id\":\"https:\/\/maderascruset.com\/2021\/2017\/05\/12\/iluminacion-de-armarios\/#primaryimage\"},\"thumbnailUrl\":\"https:\/\/maderascruset.com\/2021\/wp-content\/uploads\/2017\/05\/emuca-MIRRORS-OCT-2020.jpg\",\"keywords\":[\"iluminaci\u00f3n\",\"led\"],\"articleSection\":[\"Iluminaci\u00f3n\"],\"inLanguage\":\"es\",\"potentialAction\":[{\"@type\":\"CommentAction\",\"name\":\"Comment\",\"target\":[\"https:\/\/maderascruset.com\/2021\/2017\/05\/12\/iluminacion-de-armarios\/#respond\"]}]},{\"@type\":\"Person\",\"@id\":\"https:\/\/maderascruset.com\/2021\/#\/schema\/person\/7998a96562e0e675a23dddb1d689a24b\",\"name\":\"David Lliteras\",\"image\":{\"@type\":\"ImageObject\",\"@id\":\"https:\/\/maderascruset.com\/2021\/#personlogo\",\"inLanguage\":\"es\",\"url\":\"https:\/\/secure.gravatar.com\/avatar\/0af61175bd9f4ca12e48c0421b52fad848ba7401ec0fde8725a28d4bb25f8ae3?s=96&r=g\",\"contentUrl\":\"https:\/\/secure.gravatar.com\/avatar\/0af61175bd9f4ca12e48c0421b52fad848ba7401ec0fde8725a28d4bb25f8ae3?s=96&r=g\",\"caption\":\"David Lliteras\"},\"sameAs\":[\"http:\/\/maderascruset.com\"],\"url\":\"https:\/\/maderascruset.com\/2021\/author\/maderas-cruset\/\"}]}<\/script>\n<!-- \/ Yoast SEO plugin. -->","yoast_head_json":{"title":"Iluminaci\u00f3n de armarios - Maderas Cruset Mallorca","robots":{"index":"noindex","follow":"follow","max-snippet":"max-snippet:-1","max-image-preview":"max-image-preview:large","max-video-preview":"max-video-preview:-1"},"og_locale":"es_ES","og_type":"article","og_title":"Iluminaci\u00f3n de armarios - Maderas Cruset Mallorca","og_description":"Gracias a su tama\u00f1o y versatilidad son ideales para resaltar formas y pueden usarse como luz auxiliar. Tienen la posibilidad de ser unidos para conseguir luminarias de mayor longitud con elevado aporte est\u00e9tico. Iluminaci\u00f3n para muebles de hogar, ba\u00f1o y cocina en stock. Sensores de movimiento, dimmer, apliques y m\u00e1s. En Maderas Cruset en Pol\u00edgono [&hellip;]","og_url":"https:\/\/maderascruset.com\/2021\/2017\/05\/12\/iluminacion-de-armarios\/","og_site_name":"Maderas Cruset Mallorca","article_published_time":"2017-05-12T15:52:00+00:00","article_modified_time":"2021-03-30T15:36:48+00:00","og_image":[{"width":1440,"height":1018,"url":"https:\/\/maderascruset.com\/2021\/wp-content\/uploads\/2017\/05\/emuca-MIRRORS-OCT-2020.jpg","type":"image\/jpeg"}],"twitter_card":"summary_large_image","twitter_misc":{"Escrito por":"David Lliteras"},"schema":{"@context":"https:\/\/schema.org","@graph":[{"@type":"Organization","@id":"https:\/\/maderascruset.com\/2021\/#organization","name":"Maderas Cruset","url":"https:\/\/maderascruset.com\/2021\/","sameAs":[],"logo":{"@type":"ImageObject","@id":"https:\/\/maderascruset.com\/2021\/#logo","inLanguage":"es","url":"https:\/\/maderascruset.com\/2021\/wp-content\/uploads\/2021\/02\/logo-crusetN1b.png","contentUrl":"https:\/\/maderascruset.com\/2021\/wp-content\/uploads\/2021\/02\/logo-crusetN1b.png","width":425,"height":300,"caption":"Maderas Cruset"},"image":{"@id":"https:\/\/maderascruset.com\/2021\/#logo"}},{"@type":"WebSite","@id":"https:\/\/maderascruset.com\/2021\/#website","url":"https:\/\/maderascruset.com\/2021\/","name":"Maderas Cruset Mallorca","description":"Stock y distribuci\u00f3n de tableros y sistemas para carpinter\u00eda","publisher":{"@id":"https:\/\/maderascruset.com\/2021\/#organization"},"potentialAction":[{"@type":"SearchAction","target":{"@type":"EntryPoint","urlTemplate":"https:\/\/maderascruset.com\/2021\/?s={search_term_string}"},"query-input":"required name=search_term_string"}],"inLanguage":"es"},{"@type":"ImageObject","@id":"https:\/\/maderascruset.com\/2021\/2017\/05\/12\/iluminacion-de-armarios\/#primaryimage","inLanguage":"es","url":"https:\/\/maderascruset.com\/2021\/wp-content\/uploads\/2017\/05\/emuca-MIRRORS-OCT-2020.jpg","contentUrl":"https:\/\/maderascruset.com\/2021\/wp-content\/uploads\/2017\/05\/emuca-MIRRORS-OCT-2020.jpg","width":1440,"height":1018,"caption":"Tableros y sistemas para los profesionales de la madera"},{"@type":"WebPage","@id":"https:\/\/maderascruset.com\/2021\/2017\/05\/12\/iluminacion-de-armarios\/#webpage","url":"https:\/\/maderascruset.com\/2021\/2017\/05\/12\/iluminacion-de-armarios\/","name":"Iluminaci\u00f3n de armarios - Maderas Cruset Mallorca","isPartOf":{"@id":"https:\/\/maderascruset.com\/2021\/#website"},"primaryImageOfPage":{"@id":"https:\/\/maderascruset.com\/2021\/2017\/05\/12\/iluminacion-de-armarios\/#primaryimage"},"datePublished":"2017-05-12T15:52:00+00:00","dateModified":"2021-03-30T15:36:48+00:00","breadcrumb":{"@id":"https:\/\/maderascruset.com\/2021\/2017\/05\/12\/iluminacion-de-armarios\/#breadcrumb"},"inLanguage":"es","potentialAction":[{"@type":"ReadAction","target":["https:\/\/maderascruset.com\/2021\/2017\/05\/12\/iluminacion-de-armarios\/"]}]},{"@type":"BreadcrumbList","@id":"https:\/\/maderascruset.com\/2021\/2017\/05\/12\/iluminacion-de-armarios\/#breadcrumb","itemListElement":[{"@type":"ListItem","position":1,"name":"Portada","item":"https:\/\/maderascruset.com\/2021\/"},{"@type":"ListItem","position":2,"name":"Iluminaci\u00f3n de armarios"}]},{"@type":"Article","@id":"https:\/\/maderascruset.com\/2021\/2017\/05\/12\/iluminacion-de-armarios\/#article","isPartOf":{"@id":"https:\/\/maderascruset.com\/2021\/2017\/05\/12\/iluminacion-de-armarios\/#webpage"},"author":{"@id":"https:\/\/maderascruset.com\/2021\/#\/schema\/person\/7998a96562e0e675a23dddb1d689a24b"},"headline":"Iluminaci\u00f3n de armarios","datePublished":"2017-05-12T15:52:00+00:00","dateModified":"2021-03-30T15:36:48+00:00","mainEntityOfPage":{"@id":"https:\/\/maderascruset.com\/2021\/2017\/05\/12\/iluminacion-de-armarios\/#webpage"},"wordCount":86,"commentCount":0,"publisher":{"@id":"https:\/\/maderascruset.com\/2021\/#organization"},"image":{"@id":"https:\/\/maderascruset.com\/2021\/2017\/05\/12\/iluminacion-de-armarios\/#primaryimage"},"thumbnailUrl":"https:\/\/maderascruset.com\/2021\/wp-content\/uploads\/2017\/05\/emuca-MIRRORS-OCT-2020.jpg","keywords":["iluminaci\u00f3n","led"],"articleSection":["Iluminaci\u00f3n"],"inLanguage":"es","potentialAction":[{"@type":"CommentAction","name":"Comment","target":["https:\/\/maderascruset.com\/2021\/2017\/05\/12\/iluminacion-de-armarios\/#respond"]}]},{"@type":"Person","@id":"https:\/\/maderascruset.com\/2021\/#\/schema\/person\/7998a96562e0e675a23dddb1d689a24b","name":"David Lliteras","image":{"@type":"ImageObject","@id":"https:\/\/maderascruset.com\/2021\/#personlogo","inLanguage":"es","url":"https:\/\/secure.gravatar.com\/avatar\/0af61175bd9f4ca12e48c0421b52fad848ba7401ec0fde8725a28d4bb25f8ae3?s=96&r=g","contentUrl":"https:\/\/secure.gravatar.com\/avatar\/0af61175bd9f4ca12e48c0421b52fad848ba7401ec0fde8725a28d4bb25f8ae3?s=96&r=g","caption":"David Lliteras"},"sameAs":["http:\/\/maderascruset.com"],"url":"https:\/\/maderascruset.com\/2021\/author\/maderas-cruset\/"}]}},"_links":{"self":[{"href":"https:\/\/maderascruset.com\/2021\/wp-json\/wp\/v2\/posts\/375","targetHints":{"allow":["GET"]}}],"collection":[{"href":"https:\/\/maderascruset.com\/2021\/wp-json\/wp\/v2\/posts"}],"about":[{"href":"https:\/\/maderascruset.com\/2021\/wp-json\/wp\/v2\/types\/post"}],"author":[{"embeddable":true,"href":"https:\/\/maderascruset.com\/2021\/wp-json\/wp\/v2\/users\/2"}],"replies":[{"embeddable":true,"href":"https:\/\/maderascruset.com\/2021\/wp-json\/wp\/v2\/comments?post=375"}],"version-history":[{"count":5,"href":"https:\/\/maderascruset.com\/2021\/wp-json\/wp\/v2\/posts\/375\/revisions"}],"predecessor-version":[{"id":1777,"href":"https:\/\/maderascruset.com\/2021\/wp-json\/wp\/v2\/posts\/375\/revisions\/1777"}],"wp:featuredmedia":[{"embeddable":true,"href":"https:\/\/maderascruset.com\/2021\/wp-json\/wp\/v2\/media\/398"}],"wp:attachment":[{"href":"https:\/\/maderascruset.com\/2021\/wp-json\/wp\/v2\/media?parent=375"}],"wp:term":[{"taxonomy":"category","embeddable":true,"href":"https:\/\/maderascruset.com\/2021\/wp-json\/wp\/v2\/categories?post=375"},{"taxonomy":"post_tag","embeddable":true,"href":"https:\/\/maderascruset.com\/2021\/wp-json\/wp\/v2\/tags?post=375"}],"curies":[{"name":"wp","href":"https:\/\/api.w.org\/{rel}","templated":true}]}}